{"id":308,"date":"2015-06-10T21:08:56","date_gmt":"2015-06-10T21:08:56","guid":{"rendered":"http:\/\/giampaolomannu.com\/?p=308"},"modified":"2018-01-29T03:17:56","modified_gmt":"2018-01-29T03:17:56","slug":"expo-in-citta-festival-dellenergia","status":"publish","type":"post","link":"https:\/\/giampaolomannu.com\/?p=308","title":{"rendered":"Expo in Citt\u00e0, Verdena in concerto all&#8217;Estath\u00e9 Market Sound"},"content":{"rendered":"<p><a href=\"https:\/\/www.facebook.com\/expoincitta\/videos\/vb.706100849453187\/945721055491164\/?type=2&#038;theater\" target=\"_blank\">Guarda il video su Facebook<\/a><\/p>\n<div id=\"fb-root\"><\/div>\n<p><script>(function(d, s, id) {  var js, fjs = d.getElementsByTagName(s)[0];  if (d.getElementById(id)) return;  js = d.createElement(s); js.id = id;  js.src = \"\/\/connect.facebook.net\/it_IT\/sdk.js#xfbml=1&version=v2.3\";  fjs.parentNode.insertBefore(js, fjs);}(document, 'script', 'facebook-jssdk'));<\/script><\/p>\n<div class=\"fb-video\" data-allowfullscreen=\"true\" data-href=\"\/expoincitta\/videos\/vb.706100849453187\/945721055491164\/?type=1\">\n<div class=\"fb-xfbml-parse-ignore\">\n<blockquote cite=\"\/expoincitta\/videos\/945721055491164\/\"><p><a href=\"\/expoincitta\/videos\/945721055491164\/\"><\/a><\/p>\n<p>Anche i Verdena nel programma dell&#039; Estath\u00e9 Market Sound! Rivivete l&#039;atmosfera del live e non perdetevi i prossimi concerti targati #ExpoinCitt\u00e0<\/p>\n<p>Posted by <a href=\"https:\/\/www.facebook.com\/expoincitta\">Expo in Citt\u00e0<\/a> on Gioved\u00ec 18 giugno 2015<\/p><\/blockquote>\n<\/div>\n<\/div>\n","protected":false},"excerpt":{"rendered":"<p>Guarda il video su Facebook Anche i Verdena nel programma dell&#039; Estath\u00e9 Market Sound! Rivivete l&#039;atmosfera del live e non perdetevi i prossimi concerti targati #ExpoinCitt\u00e0 Posted by Expo in Citt\u00e0 on Gioved\u00ec 18 giugno 2015<\/p>\n","protected":false},"author":1,"featured_media":325,"comment_status":"open","ping_status":"open","sticky":false,"template":"","format":"standard","meta":[],"categories":[88],"tags":[],"_links":{"self":[{"href":"https:\/\/giampaolomannu.com\/index.php?rest_route=\/wp\/v2\/posts\/308"}],"collection":[{"href":"https:\/\/giampaolomannu.com\/index.php?rest_route=\/wp\/v2\/posts"}],"about":[{"href":"https:\/\/giampaolomannu.com\/index.php?rest_route=\/wp\/v2\/types\/post"}],"author":[{"embeddable":true,"href":"https:\/\/giampaolomannu.com\/index.php?rest_route=\/wp\/v2\/users\/1"}],"replies":[{"embeddable":true,"href":"https:\/\/giampaolomannu.com\/index.php?rest_route=%2Fwp%2Fv2%2Fcomments&post=308"}],"version-history":[{"count":9,"href":"https:\/\/giampaolomannu.com\/index.php?rest_route=\/wp\/v2\/posts\/308\/revisions"}],"predecessor-version":[{"id":327,"href":"https:\/\/giampaolomannu.com\/index.php?rest_route=\/wp\/v2\/posts\/308\/revisions\/327"}],"wp:featuredmedia":[{"embeddable":true,"href":"https:\/\/giampaolomannu.com\/index.php?rest_route=\/wp\/v2\/media\/325"}],"wp:attachment":[{"href":"https:\/\/giampaolomannu.com\/index.php?rest_route=%2Fwp%2Fv2%2Fmedia&parent=308"}],"wp:term":[{"taxonomy":"category","embeddable":true,"href":"https:\/\/giampaolomannu.com\/index.php?rest_route=%2Fwp%2Fv2%2Fcategories&post=308"},{"taxonomy":"post_tag","embeddable":true,"href":"https:\/\/giampaolomannu.com\/index.php?rest_route=%2Fwp%2Fv2%2Ftags&post=308"}],"curies":[{"name":"wp","href":"https:\/\/api.w.org\/{rel}","templated":true}]}}